{"id":3802,"date":"2019-04-02T07:08:28","date_gmt":"2019-04-02T05:08:28","guid":{"rendered":"http:\/\/breuer.selfhost.de\/wordpress\/?p=3802"},"modified":"2019-04-05T14:13:27","modified_gmt":"2019-04-05T12:13:27","slug":"doch-noch-losgekommen","status":"publish","type":"post","link":"http:\/\/www.delphin-66.de\/wordpress\/doch-noch-losgekommen\/","title":{"rendered":"Doch noch losgekommen!"},"content":{"rendered":"<div id=\"pl-3802\"  class=\"panel-layout\" ><div id=\"pg-3802-0\"  class=\"panel-grid panel-no-style\" ><div id=\"pgc-3802-0-0\"  class=\"panel-grid-cell\" ><div id=\"panel-3802-0-0-0\" class=\"so-panel widget widget_sow-editor panel-first-child panel-last-child\" data-index=\"0\" ><div\n\t\t\t\n\t\t\tclass=\"so-widget-sow-editor so-widget-sow-editor-base\"\n\t\t\t\n\t\t>\n<div class=\"siteorigin-widget-tinymce textwidget\">\n\t<p><strong>30.03.2019, SVE (Elmshorn) - Gl\u00fcckstadt<\/strong><\/p>\n<p style=\"text-align: justify;\"><a href=\"http:\/\/www.delphin-66.de\/wordpress\/wp-content\/uploads\/Screenshot_20190330-083553_Samsung-Internet.jpg\"><img loading=\"lazy\" class=\"alignleft wp-image-3819 size-medium\" src=\"http:\/\/www.delphin-66.de\/wordpress\/wp-content\/uploads\/Screenshot_20190330-083553_Samsung-Internet-300x160.jpg\" alt=\"\" width=\"300\" height=\"160\" srcset=\"http:\/\/www.delphin-66.de\/wordpress\/wp-content\/uploads\/Screenshot_20190330-083553_Samsung-Internet-300x160.jpg 300w, http:\/\/www.delphin-66.de\/wordpress\/wp-content\/uploads\/Screenshot_20190330-083553_Samsung-Internet-500x266.jpg 500w, http:\/\/www.delphin-66.de\/wordpress\/wp-content\/uploads\/Screenshot_20190330-083553_Samsung-Internet.jpg 620w\" sizes=\"(max-width: 300px) 100vw, 300px\" \/><\/a>Was f\u00fcr ein sch\u00f6ner Tag: Die Sonne scheint und die Temperaturen reichen f\u00fcr kurze Hosen! Es soll sogar noch bis\u00a017 \u00b0C warm werden! Genau das richtige Wetter zum Einleiten der Segelsaison. Die Sache hat leider einen Haken: Wir haben Nipp-Tide und das Hochwasser wird rund 0,5 Meter<a href=\"http:\/\/www.delphin-66.de\/wordpress\/wp-content\/uploads\/20190330_093615.jpg\"><img loading=\"lazy\" class=\"alignright wp-image-3813 size-medium\" src=\"http:\/\/www.delphin-66.de\/wordpress\/wp-content\/uploads\/20190330_093615-225x300.jpg\" alt=\"\" width=\"225\" height=\"300\" srcset=\"http:\/\/www.delphin-66.de\/wordpress\/wp-content\/uploads\/20190330_093615-225x300.jpg 225w, http:\/\/www.delphin-66.de\/wordpress\/wp-content\/uploads\/20190330_093615-600x800.jpg 600w, http:\/\/www.delphin-66.de\/wordpress\/wp-content\/uploads\/20190330_093615.jpg 1024w\" sizes=\"(max-width: 225px) 100vw, 225px\" \/><\/a> unterhalb des mittleren Hochwasser ausfallen. Ehrlich gesagt rechnen wir nicht damit loszukommen, als wir gegen 8:30 Uhr auf das Vereinsgel\u00e4nde des SVE fahren . Vereinskameraden von uns wollen mit ihrem Motorboot eigentlich ebenfalls in die Saison starten, so dass wir geplant haben, zusammen zu fahren.<\/p>\n<p style=\"text-align: justify;\">Wir kaufen noch schnell bei unserem nahegelegen Netto etwas zum Fr\u00fchst\u00fccken ein. Als wir zur\u00fcck beim Boot sind, wollen wir versuchen vom Platz zu kommen. Um 09:27 starten wir den Motor. Unsere Referenzmarke (der untere Bogen der F\u00fchrungsstange f\u00fcr den Festmacherring) ist leider\u00a0noch nicht erreicht.\u00a0Wir legen trotzdem den R\u00fcckw\u00e4rtsgang und\u00a0bewegen\u00a0uns ein <a href=\"http:\/\/www.delphin-66.de\/wordpress\/wp-content\/uploads\/20190330_095706.jpg\"><img loading=\"lazy\" class=\"alignleft wp-image-3815 size-medium\" src=\"http:\/\/www.delphin-66.de\/wordpress\/wp-content\/uploads\/20190330_095706-225x300.jpg\" alt=\"\" width=\"225\" height=\"300\" srcset=\"http:\/\/www.delphin-66.de\/wordpress\/wp-content\/uploads\/20190330_095706-225x300.jpg 225w, http:\/\/www.delphin-66.de\/wordpress\/wp-content\/uploads\/20190330_095706-600x800.jpg 600w, http:\/\/www.delphin-66.de\/wordpress\/wp-content\/uploads\/20190330_095706.jpg 1024w\" sizes=\"(max-width: 225px) 100vw, 225px\" \/><\/a>St\u00fcck r\u00fcckw\u00e4rts, bleiben dann aber auch schon stecken. Das Ruder l\u00e4\u00dft sich nur mit gro\u00dfem Widerstand bewegen. Wir legen wieder den Vorw\u00e4rtsgang ein,\u00a0dann\u00a0erneut den R\u00fcckw\u00e4rtsgang. Mit Schwung\u00a0\u00fcberwinden\u00a0wir den Schlickberg hinter dem Heck. Die Boxengasse ist deutlich tiefer, so dass wir dort den Bug\u00a0in Richtung Hafeneinfahrt drehen und\u00a0auf die Kr\u00fcckau fahren k\u00f6nnen. Unsere Vereinskameraden sind kurz vor uns aus der Box gekommen und warten ein St\u00fcck hinter der Hafeneinfahrt\u00a0auf uns.<\/p>\n<p style=\"text-align: justify;\">Den ersten Teil der Kr\u00fcckau, den wir befahren, ist auf Grund des wenigen Wassers am schwierigsten f\u00fcr uns. Wir m\u00fcssen genau den Priel treffen, um uns nicht festzufahren. Der Priel verl\u00e4uft \u00fcblicherweise immer in der Au\u00dfenkurve - das muss man wissen, dann l\u00e4uft man nicht Gefahr, sich fest zu fahren. Und, je weiter wir uns der Kr\u00fcckaum\u00fcndung n\u00e4hern,\u00a0desto\u00a0tiefer wird die Kr\u00fcckau.<\/p>\n<p style=\"text-align: justify;\">Es ist unglaublich sch\u00f6n, die Natur zu genie\u00dfen. Die B\u00e4ume sind zwar \u00fcberwiegend noch<a href=\"http:\/\/www.delphin-66.de\/wordpress\/wp-content\/uploads\/20190330_095659.jpg\"><img loading=\"lazy\" class=\"alignright wp-image-3814 size-medium\" src=\"http:\/\/www.delphin-66.de\/wordpress\/wp-content\/uploads\/20190330_095659-225x300.jpg\" alt=\"\" width=\"225\" height=\"300\" srcset=\"http:\/\/www.delphin-66.de\/wordpress\/wp-content\/uploads\/20190330_095659-225x300.jpg 225w, http:\/\/www.delphin-66.de\/wordpress\/wp-content\/uploads\/20190330_095659-600x800.jpg 600w, http:\/\/www.delphin-66.de\/wordpress\/wp-content\/uploads\/20190330_095659.jpg 1280w\" sizes=\"(max-width: 225px) 100vw, 225px\" \/><\/a> kahl, aber es gibt hier und da erste Anzeichen f\u00fcr den Fr\u00fchling.<\/p>\n<p style=\"text-align: justify;\">Als wir auf der Elbe sind, fr\u00fchst\u00fccken wir w\u00e4hrend der Fahrt. Wir passieren Kollmar und Bielenberg -\u00a0dort ist schon Leben und einige Wohnmobile stehen dort bereits. Wir sichten sogar einen Seehund zwischen Kollmar und Bielenberg.<\/p>\n<p style=\"text-align: justify;\">Zu unserer Verwunderung sind sogar schon die Tonnen ausgebracht. Wir meinen uns<a href=\"http:\/\/www.delphin-66.de\/wordpress\/wp-content\/uploads\/20190330_121334.jpg\"><img loading=\"lazy\" class=\"alignleft wp-image-3816 size-medium\" src=\"http:\/\/www.delphin-66.de\/wordpress\/wp-content\/uploads\/20190330_121334-300x225.jpg\" alt=\"\" width=\"300\" height=\"225\" srcset=\"http:\/\/www.delphin-66.de\/wordpress\/wp-content\/uploads\/20190330_121334-300x225.jpg 300w, http:\/\/www.delphin-66.de\/wordpress\/wp-content\/uploads\/20190330_121334-800x600.jpg 800w, http:\/\/www.delphin-66.de\/wordpress\/wp-content\/uploads\/20190330_121334-400x300.jpg 400w, http:\/\/www.delphin-66.de\/wordpress\/wp-content\/uploads\/20190330_121334.jpg 1024w\" sizes=\"(max-width: 300px) 100vw, 300px\" \/><\/a> zu erinnern, dass dies\u00a0letztes Jahr nicht der Fall war.<\/p>\n<p style=\"text-align: justify;\">Gegen 11:45 laufen wir in den Hafen von Gl\u00fcckstadt ein. Da die Stege noch nicht ausgebracht sind, machen wir am G\u00e4stesteg auf der n\u00f6rdlichen Seite fest. Hier gibt es <a href=\"http:\/\/www.delphin-66.de\/wordpress\/wp-content\/uploads\/20190330_172926.jpg\"><img loading=\"lazy\" class=\"alignright wp-image-3817 size-medium\" src=\"http:\/\/www.delphin-66.de\/wordpress\/wp-content\/uploads\/20190330_172926-225x300.jpg\" alt=\"\" width=\"225\" height=\"300\" srcset=\"http:\/\/www.delphin-66.de\/wordpress\/wp-content\/uploads\/20190330_172926-225x300.jpg 225w, http:\/\/www.delphin-66.de\/wordpress\/wp-content\/uploads\/20190330_172926-600x800.jpg 600w, http:\/\/www.delphin-66.de\/wordpress\/wp-content\/uploads\/20190330_172926.jpg 1024w\" sizes=\"(max-width: 225px) 100vw, 225px\" \/><\/a>seit letzter Saison auch Strom (aber kein Wasser). Wir sind die einzigen beiden Freizeit-Schiffe im Au\u00dfenhafen. Erst am Nachmittag kommt noch eine H-Jolle aus Wedel\u00a0unter Segeln eingelaufen. Das P\u00e4rchen will hier auch \u00fcbernachten - ohne Heizung!<\/p>\n<p style=\"text-align: justify;\">Es ist wirklich traumhaft: Die Sonne scheint und es ist unglaublich warm f\u00fcr diese Jahreszeit. Wir gehen zu Fu\u00df in die Stadt und treffen uns\u00a0anschlie\u00dfend mit unseren Vereinskameraden im \"Molenkieker\" am Gl\u00fcckst\u00e4ter Au\u00dfenhafen. Von hier hat man einen tollen Blick auf die Elbe.<\/p>\n<p style=\"text-align: justify;\">Als wir zur\u00fcck an Bord sind, kommt auch schon der Hafenmeister und wir bezahlen 10 EURO Hafengeld. Wir sprechen ihn auf seine Rundreise um die Ostsee im vergangen Jahr an. Es soll unglaublich sch\u00f6n gewesen sein, insbesondere die Finnischen Scheren. Au\u00dferdem erfahren wir, dass die Stege n\u00e4chstes Wochenende ausgebracht werden sollen.<\/p>\n<p>Abends kehren wir wieder in den \"Molenkieker\" ein und essen Currywurst mit Pommes. Hier treffen wir auch den Hafenmeister mit seiner Frau wieder und setzen uns zu ihnen.<\/p>\n<p>Letztendlich ist der Tag wieder viel zu schnell zu Ende.<\/p>\n<p><strong>31.03.2019, Gl\u00fcckstadt - SVE<\/strong><\/p>\n<p style=\"text-align: justify;\"><a href=\"http:\/\/www.delphin-66.de\/wordpress\/wp-content\/uploads\/20190331_100611.jpg\"><img loading=\"lazy\" class=\"alignleft wp-image-3818 size-medium\" src=\"http:\/\/www.delphin-66.de\/wordpress\/wp-content\/uploads\/20190331_100611-225x300.jpg\" alt=\"\" width=\"225\" height=\"300\" srcset=\"http:\/\/www.delphin-66.de\/wordpress\/wp-content\/uploads\/20190331_100611-225x300.jpg 225w, http:\/\/www.delphin-66.de\/wordpress\/wp-content\/uploads\/20190331_100611-600x800.jpg 600w, http:\/\/www.delphin-66.de\/wordpress\/wp-content\/uploads\/20190331_100611.jpg 1024w\" sizes=\"(max-width: 225px) 100vw, 225px\" \/><\/a>Heute ist es deutlich k\u00fchler als gestern, so dass wir f\u00fcr die R\u00fcckfahrt warme Jacken anziehen. Gegen 10:30 (Zeitumstellung schon ber\u00fccksichtigt)\u00a0legen wir in Gl\u00fcckstadt\u00a0gemeinsam ab. Kurz vorher binden die beiden H-Jollensegler ihre Boot los und\u00a0legen ab\u00a0- beeindruckend!<\/p>\n<p style=\"text-align: justify;\">Das Morgenhochwasser l\u00e4uft heute etwas h\u00f6her auf, so dass wir problemlos auf unseren Platz in unserem Heimathafen kommen.<\/p>\n<p>Da der Motor sch\u00f6n warm ist, machen wir gleich einen \u00d6lwechsel.<\/p>\n<p style=\"text-align: justify;\">Wir sind unglaublich froh, dass wir losgekommen sind - ein toller Start in die Saison!<\/p>\n<p style=\"text-align: justify;\">.<\/p>\n<p>&nbsp;<\/p>\n<p>&nbsp;<\/p>\n<p>&nbsp;<\/p>\n<\/div>\n<\/div><\/div><\/div><div id=\"pgc-3802-0-1\"  class=\"panel-grid-cell\" ><div id=\"panel-3802-0-1-0\" class=\"so-panel widget widget_rpwe_widget rpwe_widget recent-posts-extended panel-first-child panel-last-child\" data-index=\"1\" ><h3 class=\"widget-title\">Recent Posts<\/h3><div  class=\"rpwe-block\"><ul class=\"rpwe-ul\"><li class=\"rpwe-li rpwe-clearfix\"><a class=\"rpwe-img\" href=\"http:\/\/www.delphin-66.de\/wordpress\/erste-ankernacht-eis-an-deck\/\" target=\"_self\"><img class=\"rpwe-alignleft rpwe-thumb\" src=\"http:\/\/www.delphin-66.de\/wordpress\/wp-content\/uploads\/20260407_195546-e1775727942751-45x45.jpg\" alt=\"Erste Ankernacht &#8211; Eis an Deck\" height=\"45\" width=\"45\" loading=\"lazy\" decoding=\"async\"><\/a><h3 class=\"rpwe-title\"><a href=\"http:\/\/www.delphin-66.de\/wordpress\/erste-ankernacht-eis-an-deck\/\" target=\"_self\">Erste Ankernacht &#8211; Eis an Deck<\/a><\/h3><time class=\"rpwe-time published\" datetime=\"2026-04-09T12:01:57+02:00\">9. April 2026<\/time><\/li><li class=\"rpwe-li rpwe-clearfix\"><a class=\"rpwe-img\" href=\"http:\/\/www.delphin-66.de\/wordpress\/krantermin-30-maerz-2026\/\" target=\"_self\"><img class=\"rpwe-alignleft rpwe-thumb\" src=\"http:\/\/www.delphin-66.de\/wordpress\/wp-content\/uploads\/20260329_101858-e1774953272716-45x45.jpg\" alt=\"Krantermin &#8211; 30. M\u00e4rz 2026\" height=\"45\" width=\"45\" loading=\"lazy\" decoding=\"async\"><\/a><h3 class=\"rpwe-title\"><a href=\"http:\/\/www.delphin-66.de\/wordpress\/krantermin-30-maerz-2026\/\" target=\"_self\">Krantermin &#8211; 30. M\u00e4rz 2026<\/a><\/h3><time class=\"rpwe-time published\" datetime=\"2026-04-01T08:06:59+02:00\">1. April 2026<\/time><\/li><li class=\"rpwe-li rpwe-clearfix\"><a class=\"rpwe-img\" href=\"http:\/\/www.delphin-66.de\/wordpress\/kranen-in-marina-toft-2025\/\" target=\"_self\"><img class=\"rpwe-alignleft rpwe-thumb\" src=\"http:\/\/www.delphin-66.de\/wordpress\/wp-content\/uploads\/20251017_141202-e1760774132183-45x45.jpg\" alt=\"Kranen in Marina Toft 2025\" height=\"45\" width=\"45\" loading=\"lazy\" decoding=\"async\"><\/a><h3 class=\"rpwe-title\"><a href=\"http:\/\/www.delphin-66.de\/wordpress\/kranen-in-marina-toft-2025\/\" target=\"_self\">Kranen in Marina Toft 2025<\/a><\/h3><time class=\"rpwe-time published\" datetime=\"2025-10-19T08:34:31+02:00\">19. Oktober 2025<\/time><\/li><li class=\"rpwe-li rpwe-clearfix\"><a class=\"rpwe-img\" href=\"http:\/\/www.delphin-66.de\/wordpress\/ueberfuehrung-von-marina-minde-nach-marina-toft\/\" target=\"_self\"><img class=\"rpwe-alignleft rpwe-thumb\" src=\"http:\/\/www.delphin-66.de\/wordpress\/wp-content\/uploads\/PXL_20251004_130718451.MP_-e1759647080774-45x45.jpg\" alt=\"&#8222;\u00dcberf\u00fchrung&#8220; von Marina Minde nach Marina Toft\" height=\"45\" width=\"45\" loading=\"lazy\" decoding=\"async\"><\/a><h3 class=\"rpwe-title\"><a href=\"http:\/\/www.delphin-66.de\/wordpress\/ueberfuehrung-von-marina-minde-nach-marina-toft\/\" target=\"_self\">&#8222;\u00dcberf\u00fchrung&#8220; von Marina Minde nach Marina Toft<\/a><\/h3><time class=\"rpwe-time published\" datetime=\"2025-10-05T08:51:38+02:00\">5. Oktober 2025<\/time><\/li><li class=\"rpwe-li rpwe-clearfix\"><a class=\"rpwe-img\" href=\"http:\/\/www.delphin-66.de\/wordpress\/ein-ankerwochenende-mit-pflegehund-sissie\/\" target=\"_self\"><img class=\"rpwe-alignleft rpwe-thumb\" src=\"http:\/\/www.delphin-66.de\/wordpress\/wp-content\/uploads\/20250906_202428-e1757597757759-45x45.jpg\" alt=\"Ein Ankerwochenende mit Pflegehund Sissie\" height=\"45\" width=\"45\" loading=\"lazy\" decoding=\"async\"><\/a><h3 class=\"rpwe-title\"><a href=\"http:\/\/www.delphin-66.de\/wordpress\/ein-ankerwochenende-mit-pflegehund-sissie\/\" target=\"_self\">Ein Ankerwochenende mit Pflegehund Sissie<\/a><\/h3><time class=\"rpwe-time published\" datetime=\"2025-09-11T16:01:25+02:00\">11. September 2025<\/time><\/li><\/ul><\/div><!-- Generated by http:\/\/wordpress.org\/plugins\/recent-posts-widget-extended\/ --><\/div><\/div><\/div><\/div>","protected":false},"excerpt":{"rendered":"<p>05.09.2025, Marina Minde &#8211; Ankern vor Holnis F\u00fcr dieses Wochenende hatten Nicole und ich in Erw\u00e4gung gezogen, noch einmal in den Als Sund zu fahren, um dort zu ankern und Samstag nach Dyvig zu fahren. Aber irgendwie haben wir keine &hellip; <a href=\"http:\/\/www.delphin-66.de\/wordpress\/ein-ankerwochenende-mit-pflegehund-sissie\/\">Weiterlesen <span class=\"meta-nav\">&rarr;<\/span><\/a><\/p>\n","protected":false},"author":1,"featured_media":3821,"comment_status":"open","ping_status":"open","sticky":false,"template":"","format":"standard","meta":[],"categories":[19,20,22],"tags":[],"_links":{"self":[{"href":"http:\/\/www.delphin-66.de\/wordpress\/wp-json\/wp\/v2\/posts\/3802"}],"collection":[{"href":"http:\/\/www.delphin-66.de\/wordpress\/wp-json\/wp\/v2\/posts"}],"about":[{"href":"http:\/\/www.delphin-66.de\/wordpress\/wp-json\/wp\/v2\/types\/post"}],"author":[{"embeddable":true,"href":"http:\/\/www.delphin-66.de\/wordpress\/wp-json\/wp\/v2\/users\/1"}],"replies":[{"embeddable":true,"href":"http:\/\/www.delphin-66.de\/wordpress\/wp-json\/wp\/v2\/comments?post=3802"}],"version-history":[{"count":61,"href":"http:\/\/www.delphin-66.de\/wordpress\/wp-json\/wp\/v2\/posts\/3802\/revisions"}],"predecessor-version":[{"id":3878,"href":"http:\/\/www.delphin-66.de\/wordpress\/wp-json\/wp\/v2\/posts\/3802\/revisions\/3878"}],"wp:featuredmedia":[{"embeddable":true,"href":"http:\/\/www.delphin-66.de\/wordpress\/wp-json\/wp\/v2\/media\/3821"}],"wp:attachment":[{"href":"http:\/\/www.delphin-66.de\/wordpress\/wp-json\/wp\/v2\/media?parent=3802"}],"wp:term":[{"taxonomy":"category","embeddable":true,"href":"http:\/\/www.delphin-66.de\/wordpress\/wp-json\/wp\/v2\/categories?post=3802"},{"taxonomy":"post_tag","embeddable":true,"href":"http:\/\/www.delphin-66.de\/wordpress\/wp-json\/wp\/v2\/tags?post=3802"}],"curies":[{"name":"wp","href":"https:\/\/api.w.org\/{rel}","templated":true}]}}