{"id":4025,"date":"2019-07-06T13:14:43","date_gmt":"2019-07-06T11:14:43","guid":{"rendered":"http:\/\/breuer.selfhost.de\/wordpress\/?p=4025"},"modified":"2019-07-06T13:21:32","modified_gmt":"2019-07-06T11:21:32","slug":"sommerurlaub-2019-aller-anfang-ist-schwer","status":"publish","type":"post","link":"http:\/\/www.delphin-66.de\/wordpress\/sommerurlaub-2019-aller-anfang-ist-schwer\/","title":{"rendered":"Sommerurlaub 2019 &#8211; Aller Anfang ist schwer!"},"content":{"rendered":"<div id=\"pl-4025\"  class=\"panel-layout\" ><div id=\"pg-4025-0\"  class=\"panel-grid panel-no-style\" ><div id=\"pgc-4025-0-0\"  class=\"panel-grid-cell\" ><div id=\"panel-4025-0-0-0\" class=\"so-panel widget widget_sow-editor panel-first-child panel-last-child\" data-index=\"0\" ><div\n\t\t\t\n\t\t\tclass=\"so-widget-sow-editor so-widget-sow-editor-base\"\n\t\t\t\n\t\t>\n<div class=\"siteorigin-widget-tinymce textwidget\">\n\t<p style=\"text-align: justify;\">Ein ungew\u00f6hnliches Motiv f\u00fcr das Titelbild eines Segelblogs. Aber so war es nun <a href=\"http:\/\/www.delphin-66.de\/wordpress\/wp-content\/uploads\/20190703_175121-2.jpg\"><img loading=\"lazy\" class=\"alignleft wp-image-4031 size-medium\" src=\"http:\/\/www.delphin-66.de\/wordpress\/wp-content\/uploads\/20190703_175121-2-300x225.jpg\" alt=\"\" width=\"300\" height=\"225\" srcset=\"http:\/\/www.delphin-66.de\/wordpress\/wp-content\/uploads\/20190703_175121-2-300x225.jpg 300w, http:\/\/www.delphin-66.de\/wordpress\/wp-content\/uploads\/20190703_175121-2-800x600.jpg 800w, http:\/\/www.delphin-66.de\/wordpress\/wp-content\/uploads\/20190703_175121-2-400x300.jpg 400w, http:\/\/www.delphin-66.de\/wordpress\/wp-content\/uploads\/20190703_175121-2.jpg 1024w\" sizes=\"(max-width: 300px) 100vw, 300px\" \/><\/a>einmal! Wir sind endlich in unseren lang ersehnten Sommerurlaub gestartet. Der Start verl\u00e4uft jedoch v\u00f6llig anders als erwartet! Statt auf unserer Hanna zu sein, wettern wir die Starkwindperiode, die laut Vorhersage bis Mitte n\u00e4chster Woche anhalten soll, auf dem Campingplatz \"Drejby StrandCamping\" ab. Ein wirklich sch\u00f6n gelegener Campingplatz an der \u00f6stlichen Spitze von Kegnaes. Wir stehen hier in der ersten Reihe, ganz nahe an der Steilk\u00fcste und mit \u00fcberragendem Blick auf die Ostsee \u2013 genau dorthin, wo wir m\u00f6glichst bald mit unserer Hanna von Marina Minde aus kommend, in die D\u00e4nische S\u00fcdsee segeln wollen. Das bleibt jedoch erst einmal ein Traum, denn der Wind ist einfach zu stark.<\/p>\n<p style=\"text-align: justify;\">Wir lernen jedoch bei der Aktion noch etwas anderes: Segeln ist wirklich g\u00fcnstig! Beim Einchecken auf den Campingplatz bezahlen wir f\u00fcr einen VW-Bus mit zwei Erwachsenen und einem Kind 60 EURO pro Tag\/Nacht, inklusive ist Strom, WLAN und Duschen kostet extra \u2013 das ist wirklich viel Geld!<\/p>\n<p><strong>05.07.2019, Marina Minde - Ankerbucht bei Ly\u00f8<\/strong><\/p>\n<p style=\"text-align: justify;\">Nach zwei \u00dcbernachtungen im Bulli sagt der Wetterbericht f\u00fcr Freitag v\u00f6llig \u00fcberraschend \u201enur\u201c 6 Beaufort vorher. Wir wittern unsere Chance, in die D\u00e4nische S\u00fcdsee zu kommen. Wir packen fr\u00fchmorgens unsere sieben Sachen und verlassen fluchtartig den Campingplatz mit Ziel Marina Minde. In Sonderburg kaufen wir noch schnell ein paar Lebensmittel ein.<\/p>\n<p style=\"text-align: justify;\">Wir entleeren den Bulli und laden unser Schiff voll, einschlie\u00dflich Surfsachen, die ich fast rundum an die Seereling binde. Mit \u201ewehenden Fahnen\u201c verlassen wir unseren Liegeplatz. Wir setzen sofort die Segel mit Kurs Ly\u00f8. Von dort aus haben wir bei westlichen Winden einen guten Ausgangpunkt, um in die D\u00e4nische S\u00fcdsee zu gelangen.<\/p>\n<p style=\"text-align: justify;\"><a href=\"http:\/\/www.delphin-66.de\/wordpress\/wp-content\/uploads\/20190705_194904-2.jpg\"><img loading=\"lazy\" class=\"alignleft wp-image-4027 size-medium\" src=\"http:\/\/www.delphin-66.de\/wordpress\/wp-content\/uploads\/20190705_194904-2-300x225.jpg\" alt=\"\" width=\"300\" height=\"225\" srcset=\"http:\/\/www.delphin-66.de\/wordpress\/wp-content\/uploads\/20190705_194904-2-300x225.jpg 300w, http:\/\/www.delphin-66.de\/wordpress\/wp-content\/uploads\/20190705_194904-2-800x600.jpg 800w, http:\/\/www.delphin-66.de\/wordpress\/wp-content\/uploads\/20190705_194904-2-400x300.jpg 400w, http:\/\/www.delphin-66.de\/wordpress\/wp-content\/uploads\/20190705_194904-2.jpg 1024w\" sizes=\"(max-width: 300px) 100vw, 300px\" \/><\/a><\/p>\n<p style=\"text-align: justify;\">Auf der Flensburger F\u00f6rde kommt der Wind sehr achterlich, so dass wir die Fock ausbaumen; mit im Schnitt 6 Knoten, kommen wir gut voran. Auf H\u00f6he der s\u00fcd-\u00f6stlichen Spitze von Als \u00e4ndern wir unseren Kurs auf fast 0\u00b0 und kn\u00fcppeln ordentlich H\u00f6he \u2013 eigentlich mehr, als wir m\u00fcssten. Wir versuchen m\u00f6glichst weit im Schutze der Insel Als Richtung Norden zu kommen, um dann einen besseren Winkel, zur sp\u00e4ter zunehmenden Welle, zu bekommen. Au\u00dferdem wollen wir die Ankerbucht bei Ly\u00f8 aus Richtung Westen anlaufen. Der Wind dreht mehr und mehr auf Nord-West und frischt dabei in B\u00f6en auf 7 Beaufort auf. Wir m\u00fcssen reffen, und selbst dann ist es noch zu viel Tuch. Unsere Hanna k\u00e4mpft sich durch die Wellenberge und \u2013t\u00e4ler. Der Bug taucht teilweise vollkommen unter Wasser und schaufelt beim Wiederauftauchen Wassermassen nach hinten. Einfallende B\u00f6en versuchen wir mit Fieren des Gro\u00dfsegels abzud\u00e4mpfen \u2013 fast wie beim Jollensegeln. Unser kleiner Matrose ist unter Deck. Eigentlich wollen wir genau diese Art des Schwerwettersegelns vermeiden, um unserem J\u00fcngsten das Segel-Hobby nicht dauerhaft zu vermiesen. Jetzt hilft es aber Nichts, wir m\u00fcssen da durch! Nach ein paar Seemeilen verl\u00e4uft die \u00f6stliche K\u00fcste der Insel Als Richtung Nord-West. Hier fallen wir, wie geplant ab, so dass die Welle seitlich eintrifft. Der Kurs ist deutlich angenehmer zu fahren. Wir beschleunigen au\u00dferdem auf 7 Knoten, das macht schonwieder Spa\u00df, zumal jetzt auch die Sonne etwas herauskommt. Nach dem Einlaufen in die Ankerbucht von Ly\u00f8 bergen wir das Gro\u00df und versuchen nur mit der Fock einen Aufschie\u00dfer an einer der ausgebrachten Mooringbojen. Beim zweiten Mal klappt es.<\/p>\n<p style=\"text-align: justify;\">Das war ein sehr abwechslungsreicher Tag. Wir sind gespannt, wie es weitergeht!<\/p>\n<p>&nbsp;<\/p>\n<p>&nbsp;<\/p>\n<p>&nbsp;<\/p>\n<p>&nbsp;<\/p>\n<p>&nbsp;<\/p>\n<p>&nbsp;<\/p>\n<p>&nbsp;<\/p>\n<p>&nbsp;<\/p>\n<p>05.07.2019,<\/p>\n<\/div>\n<\/div><\/div><\/div><div id=\"pgc-4025-0-1\"  class=\"panel-grid-cell\" ><div id=\"panel-4025-0-1-0\" class=\"so-panel widget widget_sow-editor panel-first-child panel-last-child\" data-index=\"1\" ><div\n\t\t\t\n\t\t\tclass=\"so-widget-sow-editor so-widget-sow-editor-base\"\n\t\t\t\n\t\t>\n<div class=\"siteorigin-widget-tinymce textwidget\">\n\t<p>[map style=\"width: auto; height:400px; margin:20px 0px 20px 0px; border: 1px solid black;\" maptype=\"OSM\" kml=\"http:\/\/www.delphin-66.de\/wordpress\/wp-content\/uploads\/2019-07-05-001-036.kml\"]<\/p>\n<p>&nbsp;<\/p>\n<\/div>\n<\/div><\/div><\/div><\/div><\/div>","protected":false},"excerpt":{"rendered":"<p>Ein ungew\u00f6hnliches Motiv f\u00fcr das Titelbild eines Segelblogs. Aber so war es nun einmal! Wir sind endlich in unseren lang ersehnten Sommerurlaub gestartet. Der Start verl\u00e4uft jedoch v\u00f6llig anders als erwartet! Statt auf unserer Hanna zu sein, wettern wir die &hellip; <a href=\"http:\/\/www.delphin-66.de\/wordpress\/sommerurlaub-2019-aller-anfang-ist-schwer\/\">Weiterlesen <span class=\"meta-nav\">&rarr;<\/span><\/a><\/p>\n","protected":false},"author":1,"featured_media":4028,"comment_status":"open","ping_status":"open","sticky":false,"template":"","format":"standard","meta":[],"categories":[19,20,22],"tags":[],"_links":{"self":[{"href":"http:\/\/www.delphin-66.de\/wordpress\/wp-json\/wp\/v2\/posts\/4025"}],"collection":[{"href":"http:\/\/www.delphin-66.de\/wordpress\/wp-json\/wp\/v2\/posts"}],"about":[{"href":"http:\/\/www.delphin-66.de\/wordpress\/wp-json\/wp\/v2\/types\/post"}],"author":[{"embeddable":true,"href":"http:\/\/www.delphin-66.de\/wordpress\/wp-json\/wp\/v2\/users\/1"}],"replies":[{"embeddable":true,"href":"http:\/\/www.delphin-66.de\/wordpress\/wp-json\/wp\/v2\/comments?post=4025"}],"version-history":[{"count":6,"href":"http:\/\/www.delphin-66.de\/wordpress\/wp-json\/wp\/v2\/posts\/4025\/revisions"}],"predecessor-version":[{"id":4034,"href":"http:\/\/www.delphin-66.de\/wordpress\/wp-json\/wp\/v2\/posts\/4025\/revisions\/4034"}],"wp:featuredmedia":[{"embeddable":true,"href":"http:\/\/www.delphin-66.de\/wordpress\/wp-json\/wp\/v2\/media\/4028"}],"wp:attachment":[{"href":"http:\/\/www.delphin-66.de\/wordpress\/wp-json\/wp\/v2\/media?parent=4025"}],"wp:term":[{"taxonomy":"category","embeddable":true,"href":"http:\/\/www.delphin-66.de\/wordpress\/wp-json\/wp\/v2\/categories?post=4025"},{"taxonomy":"post_tag","embeddable":true,"href":"http:\/\/www.delphin-66.de\/wordpress\/wp-json\/wp\/v2\/tags?post=4025"}],"curies":[{"name":"wp","href":"https:\/\/api.w.org\/{rel}","templated":true}]}}